{"id":895,"date":"2016-12-29T10:49:31","date_gmt":"2016-12-29T04:49:31","guid":{"rendered":"http:\/\/yucapedia.com\/?p=895"},"modified":"2016-12-29T10:49:31","modified_gmt":"2016-12-29T04:49:31","slug":"santiago-burgos-brito-periodista-y-literato","status":"publish","type":"post","link":"https:\/\/yucapedia.com\/index.php\/2016\/12\/29\/santiago-burgos-brito-periodista-y-literato\/","title":{"rendered":"Santiago Burgos Brito (periodista y literato)"},"content":{"rendered":"<p>Maestro, literato y periodista. Naci\u00f3 en Maxcan\u00fa, Yucat\u00e1n y muri\u00f3 en la ciudad de M\u00e9rida.<\/p>\n<p>Curs\u00f3 estudios en el instituto Literario y egres\u00f3 de la Escuela de Jurisprudencia, en la que llegar\u00eda a ser director por largos a\u00f1os.<\/p>\n<p>En la administraci\u00f3n p\u00fablica ocup\u00f3 diversos cargos como los de Director de Cultura Est\u00e9tica, Director General de Bellas Artes, Procurador General de Justicia, Director de Estad\u00edstica, Trabajo y Bienestar Social, y Secretario General de Gobierno.<\/p>\n<p>Fue articulista en revistas y peri\u00f3dicos yucatecos, director del Diario del Sureste de 1934-1935. Asimismo colabor\u00f3 con el Diario de Yucat\u00e1n y el Novedades. Utiliz\u00f3 los seud\u00f3nimos de Jacques de Bourges y Jorge de Le\u00f3n. Tambi\u00e9n tuvo a su cargo la Biblioteca Central \u201cManuel Cepeda Peraza\u201d. Fue fundador de la Alianza Francesa de M\u00e9rida y el Gobierno Franc\u00e9s le concedi\u00f3 las Palmas Acad\u00e9micas.<\/p>\n<p>Ejerci\u00f3 la docencia en planteles educativos de la capital yucateca y fue director de la Escuela Secundaria Federal para Hijos de Trabajadores.<\/p>\n<p>Fue un escritor de amplia cultura y un buen cr\u00edtico literario. Entre las obras que public\u00f3 encontramos: Tipos pintorescos de Yucat\u00e1n; Chopin, el poeta del piano; Gentes y cosas de mi tierra; Siete cuentos; Siluetas literarias y tambi\u00e9n hizo una obra de corte biogr\u00e1fico denominada: Memorias de Juli\u00e1n Rosales.<\/p>\n<p>En 1965 le fue otorgada la medalla Eligio Ancona por el Gobierno de Yucat\u00e1n.<\/p>\n<p><em>Fuente: yucatanliterario.com<\/em><\/p>\n","protected":false},"excerpt":{"rendered":"<p>Maestro, literato y periodista. Naci\u00f3 en Maxcan\u00fa, Yucat\u00e1n y muri\u00f3 en la ciudad de M\u00e9rida.<\/p>\n","protected":false},"author":1,"featured_media":897,"comment_status":"open","ping_status":"open","sticky":false,"template":"","format":"standard","meta":{"spay_email":"","jetpack_publicize_message":""},"categories":[2],"tags":[],"jetpack_featured_media_url":"https:\/\/yucapedia.com\/wp-content\/uploads\/2016\/12\/santiago.jpg","jetpack_publicize_connections":[],"jetpack_sharing_enabled":true,"jetpack_shortlink":"https:\/\/wp.me\/p7Z0qv-er","_links":{"self":[{"href":"https:\/\/yucapedia.com\/index.php\/wp-json\/wp\/v2\/posts\/895"}],"collection":[{"href":"https:\/\/yucapedia.com\/index.php\/wp-json\/wp\/v2\/posts"}],"about":[{"href":"https:\/\/yucapedia.com\/index.php\/wp-json\/wp\/v2\/types\/post"}],"author":[{"embeddable":true,"href":"https:\/\/yucapedia.com\/index.php\/wp-json\/wp\/v2\/users\/1"}],"replies":[{"embeddable":true,"href":"https:\/\/yucapedia.com\/index.php\/wp-json\/wp\/v2\/comments?post=895"}],"version-history":[{"count":2,"href":"https:\/\/yucapedia.com\/index.php\/wp-json\/wp\/v2\/posts\/895\/revisions"}],"predecessor-version":[{"id":898,"href":"https:\/\/yucapedia.com\/index.php\/wp-json\/wp\/v2\/posts\/895\/revisions\/898"}],"wp:featuredmedia":[{"embeddable":true,"href":"https:\/\/yucapedia.com\/index.php\/wp-json\/wp\/v2\/media\/897"}],"wp:attachment":[{"href":"https:\/\/yucapedia.com\/index.php\/wp-json\/wp\/v2\/media?parent=895"}],"wp:term":[{"taxonomy":"category","embeddable":true,"href":"https:\/\/yucapedia.com\/index.php\/wp-json\/wp\/v2\/categories?post=895"},{"taxonomy":"post_tag","embeddable":true,"href":"https:\/\/yucapedia.com\/index.php\/wp-json\/wp\/v2\/tags?post=895"}],"curies":[{"name":"wp","href":"https:\/\/api.w.org\/{rel}","templated":true}]}}