{"id":859,"date":"2016-12-25T00:05:19","date_gmt":"2016-12-24T18:05:19","guid":{"rendered":"http:\/\/yucapedia.com\/?p=859"},"modified":"2016-12-25T00:05:19","modified_gmt":"2016-12-24T18:05:19","slug":"alfonso-iturralde-actor","status":"publish","type":"post","link":"https:\/\/yucapedia.com\/index.php\/2016\/12\/25\/alfonso-iturralde-actor\/","title":{"rendered":"Alfonso Iturralde (actor)"},"content":{"rendered":"<p>Naci\u00f3 en M\u00e9rida, Yucat\u00e1n un 10 de octubre. Su talento histri\u00f3nico lo descubri\u00f3 desde que participaba en las obras teatrales organizadas por el colegio en donde estudiaba cuando era peque\u00f1o. Su gusto por la actuaci\u00f3n se increment\u00f3 cuando se figuraba como &#8216;h\u00e9roe de pel\u00edcula&#8217;.<\/p>\n<p>Su debut en la pantalla chica fue en una telenovela que cont\u00f3 s\u00f3lo con 20 cap\u00edtulos, en donde tambi\u00e9n se iniciaron en el medio art\u00edstico, Jaime Garza y Helena Rojo. La primera telenovela en la que particip\u00f3, de manera profesional fue en La Pasi\u00f3n de Isabela en d\u00f3nde dio vida a &#8216;Sebasti\u00e1n Landeros&#8217;.<\/p>\n<p>Ha participado en m\u00e1s de 20 telenovelas, entre las que destacan: Marimar, El abuelo y Yo, As\u00ed son Ellas, La Otra y Carita de \u00c1ngel, entre otras.<\/p>\n<p>Entre 1990 y 2007, ha participado en m\u00e1s de 25 episodios de Mujer, casos de la vida real.<\/p>\n<p>Tambi\u00e9n ha incursionado en el s\u00e9ptimo arte en aproximadamente diez pel\u00edculas.<\/p>\n<p>En 2003, particip\u00f3 en la produccion de Carlos Moreno Bajo la Misma Piel, junto a Kate del Castillo y Juan Soler.<\/p>\n<p>En 2004, form\u00f3 parte del elenco de Apuesta por un Amor con el papel de el profesor Homero Preciado.<\/p>\n<p>En 2006 y 2007, tuvo actuaciones especiales en las telenovelas, La fea m\u00e1s bella y Al diablo con los guapos.<\/p>\n<p>En el 2008 se integra al elenco de Querida enemiga, para interpretar a &#8216;Omar Armend\u00e1riz&#8217;.<\/p>\n<p>En nombre del amor (2009).<\/p>\n<p>En el 2011 participa en La fuerza del destino y el mismo a\u00f1o se integra a Amorcito coraz\u00f3n.<\/p>\n<p>Para el 2013 se une a La Tempestad, producci\u00f3n de Salvador Mej\u00eda.<\/p>\n","protected":false},"excerpt":{"rendered":"<p>Naci\u00f3 en M\u00e9rida, Yucat\u00e1n un 10 de octubre. Su talento histri\u00f3nico lo descubri\u00f3 desde que<\/p>\n","protected":false},"author":1,"featured_media":861,"comment_status":"open","ping_status":"open","sticky":false,"template":"","format":"standard","meta":{"spay_email":"","jetpack_publicize_message":""},"categories":[7],"tags":[],"jetpack_featured_media_url":"https:\/\/yucapedia.com\/wp-content\/uploads\/2016\/12\/alfonso.jpeg","jetpack_publicize_connections":[],"jetpack_sharing_enabled":true,"jetpack_shortlink":"https:\/\/wp.me\/p7Z0qv-dR","_links":{"self":[{"href":"https:\/\/yucapedia.com\/index.php\/wp-json\/wp\/v2\/posts\/859"}],"collection":[{"href":"https:\/\/yucapedia.com\/index.php\/wp-json\/wp\/v2\/posts"}],"about":[{"href":"https:\/\/yucapedia.com\/index.php\/wp-json\/wp\/v2\/types\/post"}],"author":[{"embeddable":true,"href":"https:\/\/yucapedia.com\/index.php\/wp-json\/wp\/v2\/users\/1"}],"replies":[{"embeddable":true,"href":"https:\/\/yucapedia.com\/index.php\/wp-json\/wp\/v2\/comments?post=859"}],"version-history":[{"count":1,"href":"https:\/\/yucapedia.com\/index.php\/wp-json\/wp\/v2\/posts\/859\/revisions"}],"predecessor-version":[{"id":860,"href":"https:\/\/yucapedia.com\/index.php\/wp-json\/wp\/v2\/posts\/859\/revisions\/860"}],"wp:featuredmedia":[{"embeddable":true,"href":"https:\/\/yucapedia.com\/index.php\/wp-json\/wp\/v2\/media\/861"}],"wp:attachment":[{"href":"https:\/\/yucapedia.com\/index.php\/wp-json\/wp\/v2\/media?parent=859"}],"wp:term":[{"taxonomy":"category","embeddable":true,"href":"https:\/\/yucapedia.com\/index.php\/wp-json\/wp\/v2\/categories?post=859"},{"taxonomy":"post_tag","embeddable":true,"href":"https:\/\/yucapedia.com\/index.php\/wp-json\/wp\/v2\/tags?post=859"}],"curies":[{"name":"wp","href":"https:\/\/api.w.org\/{rel}","templated":true}]}}