{"id":621,"date":"2016-11-05T09:12:26","date_gmt":"2016-11-05T03:12:26","guid":{"rendered":"http:\/\/yucapedia.com\/?p=621"},"modified":"2016-12-12T10:01:36","modified_gmt":"2016-12-12T04:01:36","slug":"panaba-agua-cavada","status":"publish","type":"post","link":"https:\/\/yucapedia.com\/index.php\/2016\/11\/05\/panaba-agua-cavada\/","title":{"rendered":"Panab\u00e1 (agua cavada)"},"content":{"rendered":"<p>El nombre significa agua cavada, por derivarse de las voces Panab, cavado, escarbado y \u00e1 o h\u00e1, agua.<\/p>\n<p><strong>Historia<\/strong><\/p>\n<p>El hallazgo de vestigios prehisp\u00e1nicos en el sitio en el que actualmente se encuentra el pueblo de Panab\u00e1 es la prueba de que este lugar se encontraba poblado durante la \u00e9poca prehisp\u00e1nica por ind\u00edgenas de la provincia de los Cupules.<\/p>\n<p>No se ha podido precisar la fundaci\u00f3n del pueblo de Panab\u00e1 \u00abAgua hallada por excavaci\u00f3n\u00bb, sin embargo, hacia el a\u00f1o 1700 ya se hab\u00eda establecido ah\u00ed una encomienda.<\/p>\n<p>Durante todo el per\u00edodo colonial esta poblaci\u00f3n estuvo sujeta a la jurisdicci\u00f3n de Valladolid a trav\u00e9s de Tizim\u00edn.<\/p>\n<p>A consecuencia de los cambios ocurridos en la pen\u00ednsula durante el siglo XIX, Panab\u00e1 queda incluido en el partido de Tizim\u00edn.<\/p>\n<p>En 1918 Panab\u00e1 se erige cabecera del municipio del mismo nombre.<\/p>\n<p><strong>Monumentos hist\u00f3ricos<\/strong><\/p>\n<p>Arquitect\u00f3nicos: Destaca, por su singular belleza, el templo de San Pedro ubicado en la cabecera.<\/p>\n<p><strong>Fiestas populares<\/strong><\/p>\n<p>Del 10 al 15 de mayo se realiza la feria de san Isidro Labrador, patrono del pueblo. Del 26 al 30 de junio se desarrolla la fiesta en honor de San Pedro y San Pablo.<\/p>\n<p><strong>Poblaci\u00f3n<\/strong><\/p>\n<p>El municipio tiene 7,461 habitantes, de acuerdo con el Censo de Poblaci\u00f3n y Vivienda 2010.<\/p>\n<p>La cabecera del municipio es el pueblo de Panab\u00e1. Adem\u00e1s de la cabecera, dentro de la jurisdicci\u00f3n municipal quedan comprendidas dos localidades. Loch\u00e9 y Yalsihom, adem\u00e1s de Buena Fe, Santa Rosa Ayala, Bistal, San Francisco, San Benito, Mooc, Xmact\u00fan, Monte Cristo, San Jos\u00e9, Hermanos Guti\u00e9rrez, Santa Rita y San Juan del R\u00edo.<\/p>\n","protected":false},"excerpt":{"rendered":"<p>El nombre significa agua cavada, por derivarse de las voces Panab, cavado, escarbado y \u00e1<\/p>\n","protected":false},"author":1,"featured_media":623,"comment_status":"open","ping_status":"open","sticky":false,"template":"","format":"standard","meta":{"spay_email":"","jetpack_publicize_message":""},"categories":[10],"tags":[],"jetpack_featured_media_url":"https:\/\/yucapedia.com\/wp-content\/uploads\/2016\/10\/loche.jpg","jetpack_publicize_connections":[],"jetpack_sharing_enabled":true,"jetpack_shortlink":"https:\/\/wp.me\/p7Z0qv-a1","_links":{"self":[{"href":"https:\/\/yucapedia.com\/index.php\/wp-json\/wp\/v2\/posts\/621"}],"collection":[{"href":"https:\/\/yucapedia.com\/index.php\/wp-json\/wp\/v2\/posts"}],"about":[{"href":"https:\/\/yucapedia.com\/index.php\/wp-json\/wp\/v2\/types\/post"}],"author":[{"embeddable":true,"href":"https:\/\/yucapedia.com\/index.php\/wp-json\/wp\/v2\/users\/1"}],"replies":[{"embeddable":true,"href":"https:\/\/yucapedia.com\/index.php\/wp-json\/wp\/v2\/comments?post=621"}],"version-history":[{"count":1,"href":"https:\/\/yucapedia.com\/index.php\/wp-json\/wp\/v2\/posts\/621\/revisions"}],"predecessor-version":[{"id":622,"href":"https:\/\/yucapedia.com\/index.php\/wp-json\/wp\/v2\/posts\/621\/revisions\/622"}],"wp:featuredmedia":[{"embeddable":true,"href":"https:\/\/yucapedia.com\/index.php\/wp-json\/wp\/v2\/media\/623"}],"wp:attachment":[{"href":"https:\/\/yucapedia.com\/index.php\/wp-json\/wp\/v2\/media?parent=621"}],"wp:term":[{"taxonomy":"category","embeddable":true,"href":"https:\/\/yucapedia.com\/index.php\/wp-json\/wp\/v2\/categories?post=621"},{"taxonomy":"post_tag","embeddable":true,"href":"https:\/\/yucapedia.com\/index.php\/wp-json\/wp\/v2\/tags?post=621"}],"curies":[{"name":"wp","href":"https:\/\/api.w.org\/{rel}","templated":true}]}}