{"id":373,"date":"2016-10-02T10:27:20","date_gmt":"2016-10-02T04:27:20","guid":{"rendered":"http:\/\/yucapedia.com\/?p=373"},"modified":"2016-12-12T09:29:44","modified_gmt":"2016-12-12T03:29:44","slug":"arturo-jose-ambrosio-herrera-director-de-la-policia-estatal-de-investigacion","status":"publish","type":"post","link":"https:\/\/yucapedia.com\/index.php\/2016\/10\/02\/arturo-jose-ambrosio-herrera-director-de-la-policia-estatal-de-investigacion\/","title":{"rendered":"Arturo Jos\u00e9 Ambrosio Herrera (funcionario)"},"content":{"rendered":"<div>Arturo Jos\u00e9 Ambrosio Herrera, el director de la nueva Polic\u00eda Estatal de Investigaci\u00f3n, tiene amplia experiencia en investigaciones ministeriales, pues ha sido procurador de Justicia en el vecino estado de Campeche, entre otros importantes cargos que ha ocupado.<\/div>\n<div><\/div>\n<div>Tiene un postgrado en el Nuevo Sistema de Justicia Penal y numerosos cursos en especialidades penales, incluso en el extranjero.<\/div>\n<div><\/div>\n<div>Curs\u00f3 sus estudios profesionales en la Facultad de Derecho \u00abDr. Alberto Trueba Urbina\u00bb de la Universidad autonoma de campeche. a\u00f1o 1993-1998, titul\u00e1ndose con la tesis: Deteccion, colecci\u00f3n y clasificacion de indicios que deben realizar las instituciones de salud p\u00fablica en v\u00edctimas del delito de violaci\u00f3n. (c\u00e9dula profesional 6233615)<\/div>\n<div><\/div>\n<div>Sus estudios de postgrado incluyen:<\/div>\n<div>\n<ul>\n<li>La actualizaci\u00f3n de derecho penal y procesal penal, por la Universidad de Girona, Espa\u00f1a. A\u00f1o 2001-2002<\/li>\n<li>Derechos fundamentales y minor\u00edas, por Universidad de Girona, Espa\u00f1a. A\u00f1o 2002-2003.<\/li>\n<li>Maestr\u00eda en ciencias jur\u00eddico penales, por la Facultad de Derecho de la Universidad Aut\u00f3noma de Campeche.<\/li>\n<li>Maestr\u00eda en derecho procesal penal con enfoque en el sistema acusatorio, por el Instituto Superior de Estudios en Derecho Penal, A.C.<\/li>\n<li>Doctorando en derecho con enfoque constitucional-penal, por el Instituto Superior de Estudios en Derecho Penal, A.C., con el plan de estudios concluido, y actualmente en elaboraci\u00f3n de tesis de grado.<\/li>\n<\/ul>\n<\/div>\n<div>Ha impartido c\u00e1tedra en la carrera de derecho de la Universidad Interamericana para el Desarrollo con sede en Campeche, del a\u00f1o 2010 al 2012, en donde imparti\u00f3 c\u00e1tedras de programa de amparo, teor\u00eda del delito, entre otras.<\/div>\n<div><\/div>\n<div>En su desarrollo profesional se ha desempe\u00f1ado como litigante en el \u00e1rea penal desde el a\u00f1o de 1996, y en \u00e1rea mercantil de 1996 a 1998.<\/div>\n<div><\/div>\n<div>Ha ocupado puestos p\u00fablicos como<\/div>\n<div>\n<ul>\n<li>Agente investigador del Ministerio P\u00fablico de 1998 al 2007;<\/li>\n<li>Subdirector de Averiguaciones Previas del 2007 al 2009;<\/li>\n<li>Director de la Unidad Especializada en Combate al Secuestro del 2009 al 2012<\/li>\n<li>Subprocurador General de Justicia del 2012 al 2013;<\/li>\n<li>Procurador General de Justicia del 2013 al 2015. Entre los diferentes cursos en los que ha participado se encuentran:<\/li>\n<\/ul>\n<\/div>\n<div>Conferencias \u00abAspectos dogm\u00e1ticos y pol\u00edtico-criminales de actualidad\u00bb del Tribunal Superior de Justicia del estado de Campeche y Centro de Estudios de Pol\u00edtica Criminal y Ciencias Penales\u00bb.<\/div>\n<div><\/div>\n<div>\u00abIdentificaci\u00f3n de armas de fuego\u00bb del Sistema Nacional de Seguridad P\u00fablica y la Academia Nacional de Seguridad P\u00fablica \u00abT\u00e9cnicas de interrogatorio y entrevista kin\u00e9sica\u00bb de la Procuradur\u00eda General de Justicia del Estado de Campeche<\/div>\n<div><\/div>\n<div>\u00abCurso de identificaci\u00f3n de veh\u00edculos automotores\u00bb del Sistema Nacional de Seguridad P\u00fablica, Academia Nacional de Seguridad P\u00fablica y la Procuradur\u00eda General de Justicia del Estado de Yucat\u00e1n<\/div>\n<div><\/div>\n<div>\u00abCurso de criminal\u00edstica\u00bb de la Procuradur\u00eda General de Justicia<\/div>\n<div><\/div>\n<div>\u00abCurso de valuaci\u00f3n\u00bb de la Procuradur\u00eda General de Justicia<\/div>\n<div><\/div>\n<div>\u00abCurso de grafoscop\u00eda\u00bb de la Procuradur\u00eda General de Justicia<\/div>\n<div><\/div>\n<div>\u00abEl Ministerio P\u00fablico y los derechos humanos\u00bb, de la Comisi\u00f3n de Derechos Humanos del Estado de Campeche y la Procuradur\u00eda General de Justicia<\/div>\n<div><\/div>\n<div>Instructor en la impartici\u00f3n del curso de \u00abActualizaci\u00f3n para Polic\u00eda Ministerial\u00bb de la Procuradur\u00eda General de Justicia<\/div>\n<div><\/div>\n<div>Taller \u00abABC para funcionarios\u00bb Fiscal\u00eda Especializada para la Atenci\u00f3n de Delitos Electorales<\/div>\n<div><\/div>\n<div>\u00abCurso introductorio al Sistema de Justicia Penal de Corte Acusatorio\u00bb Poder Judicial del Estado de Campeche<\/div>\n<div><\/div>\n<div>Implementaci\u00f3n del curso de \u00abFormaci\u00f3n inicial para Polic\u00eda Ministerial\u00bb. Procuradur\u00eda General de Justicia<\/div>\n<div><\/div>\n<div>Capacitador para el uso del manual de lucha contra el secuestro de la Oficina de las Naciones Unidas contra la droga y el delito.<\/div>\n<div><\/div>\n<div>Curso de \u00abInducci\u00f3n al delito de secuestro\u00bb. Procuradur\u00eda General de la Rep\u00fablica, Secretar\u00eda de Seguridad P\u00fablica federal.<\/div>\n<div><\/div>\n<div>Participaci\u00f3n en la fase de \u00abEspecializaci\u00f3n en el combate al delito de secuestro\u00bb. Procuradur\u00eda General de la Rep\u00fablica, Secretar\u00eda de Seguridad P\u00fablica Federal.<\/div>\n<div>Grupo de planeaci\u00f3n y an\u00e1lisis estrat\u00e9gico para el combate al secuestro en los a\u00f1os 2009, 2010 y 2011, as\u00ed como representante de las unidades zona sur-sureste.<\/div>\n<div><\/div>\n<div>Instructor de an\u00e1lisis monogr\u00e1fico de los delitos impartido en la formaci\u00f3n para agentes de la Polic\u00eda Ministerial Investigadora, 2011.<\/div>\n<div><\/div>\n<div>Medalla al merito como maestro distinguido por parte de la Universidad Interamericana para el Desarrollo, 2011.<\/div>\n<div><\/div>\n<div>Durante la gesti\u00f3n en la Unidad especializada en combate al delito de secuestro se le calific\u00f3 a \u00e9sta en los primeros lugares a nivel nacional en cuanto a su conformaci\u00f3n as\u00ed como en cuanto a su eficiencia tanto por instancias oficiales como por organismos ciudadanos.<\/div>\n<div><\/div>\n<div>Ponente del curso taller el perito en medicina, pr\u00e1ctica m\u00e9dica segura expedido por la Comisi\u00f3n Estatal de Arbitraje M\u00e9dico y el Poder Judicial del Estado de Campeche, 2012.<\/div>\n<div><\/div>\n<div>Participaci\u00f3n en el seminario \u00abAplicaci\u00f3n pr\u00e1ctica de la teor\u00eda del delito en el proceso penal acusatorio impartido por el Dr. Enrique D\u00edaz Aranda en el Tribunal Superior de Justicia del Estado de Campeche, 2013.<\/div>\n<div><\/div>\n<div>Asistente a la video conferencia \u00abLa argumentaci\u00f3n jur\u00eddica en el ambiente de procuraci\u00f3n de justicia\u00bb impartida por la Alianza Estatal de la Conferencia de Procuradores Generales de Justicia del los Estados Occidentales de los Estados Unidos de Am\u00e9rica, abril de 2015.<\/div>\n","protected":false},"excerpt":{"rendered":"<p>Arturo Jos\u00e9 Ambrosio Herrera, el director de la nueva Polic\u00eda Estatal de Investigaci\u00f3n, tiene amplia<\/p>\n","protected":false},"author":1,"featured_media":375,"comment_status":"open","ping_status":"open","sticky":false,"template":"","format":"standard","meta":{"spay_email":"","jetpack_publicize_message":""},"categories":[20],"tags":[],"jetpack_featured_media_url":"https:\/\/yucapedia.com\/wp-content\/uploads\/2016\/10\/9H4A4674.jpg","jetpack_publicize_connections":[],"jetpack_sharing_enabled":true,"jetpack_shortlink":"https:\/\/wp.me\/p7Z0qv-61","_links":{"self":[{"href":"https:\/\/yucapedia.com\/index.php\/wp-json\/wp\/v2\/posts\/373"}],"collection":[{"href":"https:\/\/yucapedia.com\/index.php\/wp-json\/wp\/v2\/posts"}],"about":[{"href":"https:\/\/yucapedia.com\/index.php\/wp-json\/wp\/v2\/types\/post"}],"author":[{"embeddable":true,"href":"https:\/\/yucapedia.com\/index.php\/wp-json\/wp\/v2\/users\/1"}],"replies":[{"embeddable":true,"href":"https:\/\/yucapedia.com\/index.php\/wp-json\/wp\/v2\/comments?post=373"}],"version-history":[{"count":2,"href":"https:\/\/yucapedia.com\/index.php\/wp-json\/wp\/v2\/posts\/373\/revisions"}],"predecessor-version":[{"id":827,"href":"https:\/\/yucapedia.com\/index.php\/wp-json\/wp\/v2\/posts\/373\/revisions\/827"}],"wp:featuredmedia":[{"embeddable":true,"href":"https:\/\/yucapedia.com\/index.php\/wp-json\/wp\/v2\/media\/375"}],"wp:attachment":[{"href":"https:\/\/yucapedia.com\/index.php\/wp-json\/wp\/v2\/media?parent=373"}],"wp:term":[{"taxonomy":"category","embeddable":true,"href":"https:\/\/yucapedia.com\/index.php\/wp-json\/wp\/v2\/categories?post=373"},{"taxonomy":"post_tag","embeddable":true,"href":"https:\/\/yucapedia.com\/index.php\/wp-json\/wp\/v2\/tags?post=373"}],"curies":[{"name":"wp","href":"https:\/\/api.w.org\/{rel}","templated":true}]}}