{"id":1562,"date":"2017-08-07T10:17:37","date_gmt":"2017-08-07T15:17:37","guid":{"rendered":"http:\/\/yucapedia.com\/?p=1562"},"modified":"2017-08-06T22:28:17","modified_gmt":"2017-08-07T03:28:17","slug":"la-rebelion-de-cisteil","status":"publish","type":"post","link":"https:\/\/yucapedia.com\/index.php\/2017\/08\/07\/la-rebelion-de-cisteil\/","title":{"rendered":"\u00abLa Rebeli\u00f3n de Cisteil\u201d."},"content":{"rendered":"<p>Jacinto Uc de los Santos (Jacinto Canek) nativo maya de pureza \u00e9tnica, encabez\u00f3 el 19 de noviembre de 1761 en Cisteil, poblado ubicado cerca de la ciudad de Sotuta, Capitan\u00eda General de Yucat\u00e1n, Nueva Espa\u00f1a (hoy Yucat\u00e1n, M\u00e9xico) una sublevaci\u00f3n campesina en contra del sistema de encomiendas colonial, episodio hist\u00f3rico conocido como la <strong>\u201cRebeli\u00f3n de Cisteil\u201d<\/strong>.<\/p>\n<p>Jacinto Canek el instigador, llam\u00f3 a los ind\u00edgenas mayas a levantarse contra los espa\u00f1oles que dominaban la regi\u00f3n, haci\u00e9ndoles creer que su triunfo estaba escrito en el libro sagrado del \u201cChilam Balam\u201d.<\/p>\n<p>Los colonos espa\u00f1oles fueron atacados y Cisteil cay\u00f3 en manos de los rebeldes mayas. El fraile Miguel Ruela, cura de la iglesia, escap\u00f3 y pidi\u00f3 ayuda en Sotuta al capit\u00e1n <strong>Tiburcio Cosgaya y Sol\u00eds<\/strong> \u00a0quien de inmediato organiz\u00f3 una expedici\u00f3n punitiva para sofocar la rebeli\u00f3n. Sin embargo, al llegar a Cisteil, las fuerzas espa\u00f1olas fueron emboscadas y como resultado de la refriega que sigui\u00f3, fue muerto el capit\u00e1n Cosgaya y otros militares que intentaron in\u00fatilmente aplacar a los rebeldes.<\/p>\n<p>En el templo parroquial de Yaxcab\u00e1 \u2013empotrado en el muro norte- se encuentra la l\u00e1pida funeraria del capit\u00e1n Tiburcio Cosgaya y Sol\u00eds, uno de los ca\u00eddos en la rebeli\u00f3n que acaudill\u00f3 Jacinto Canek en Cisteil, y que en cierta forma dicho acontecimiento fue preludio de lo que ocurrir\u00eda casi un siglo despu\u00e9s, en 1847, cuando se inici\u00f3 la guerra de castas en Yucat\u00e1n y que concluir\u00eda sesenta a\u00f1os m\u00e1s tarde<\/p>\n<p>La victoria de los mayas en Cisteil fue ef\u00edmera, ya que reforzadas las tropas gubernamentales al mando de Estanislao del Puerto, unos dos mil hombres del ej\u00e9rcito espa\u00f1ol atacaron ese poblado la semana siguiente y ocuparon la plaza con un saldo de unos 500 ind\u00edgenas y 40 soldados muertos.<\/p>\n<p>Aproximadamente trescientos rebeldes, incluido Jacinto Canek lograron escapar y se refugiaron en las inmediaciones, de donde el l\u00edder maya fue aprehendido con parte de su gente en diciembre del mismo a\u00f1o de 1761.<\/p>\n<p>Jacinto Canek, quien naci\u00f3 en el barrio de San Rom\u00e1n en la ciudad de San Francisco, Campeche en 1730 (cuanto esta regi\u00f3n peninsular pertenec\u00eda a la Capitan\u00eda general de Yucat\u00e1n) fue conducido a M\u00e9rida junto con los otros rebeldes para un juicio sumario organizado por el entonces gobernador Jos\u00e9 Crespo y Honorato.<\/p>\n<p>Acusado de rebeli\u00f3n y actos sacr\u00edlegos, ya que se dijo que Canek hab\u00eda tomado la indumentaria de la virgen de la iglesia de Cisteil para coronarse rey de los mayas, el rebelde Jacinto y sus acompa\u00f1antes fueron ejecutados en la plaza p\u00fablica el 14 de diciembre -menos de un mes despu\u00e9s de la alzada<\/p>\n<p>Todo esto con el prop\u00f3sito de que las penas sirvieran de escarmiento a la poblaci\u00f3n maya de toda la regi\u00f3n. Por ese entonces, la poblaci\u00f3n blanca de Yucat\u00e1n viv\u00eda atemorizada por constantes amagos de rebeli\u00f3n por parte de los mayas conquistados en el siglo XVI y sometidos desde entonces por sus dominadores. Posteriormente a la ejecuci\u00f3n, el pueblo de Cisteil, \u00edntegro, fue arrasado e incendiado por las tropas virreinales y finalmente cubierto de sal \u00abpara perpetua memoria de su traici\u00f3n\u00bb.<\/p>\n<p>Referencia: Wikipedia<\/p>\n","protected":false},"excerpt":{"rendered":"<p>Jacinto Uc de los Santos (Jacinto Canek) nativo maya de pureza \u00e9tnica, encabez\u00f3 el 19<\/p>\n","protected":false},"author":2,"featured_media":1563,"comment_status":"open","ping_status":"open","sticky":false,"template":"","format":"standard","meta":{"spay_email":"","jetpack_publicize_message":""},"categories":[2],"tags":[],"jetpack_featured_media_url":"https:\/\/yucapedia.com\/wp-content\/uploads\/2017\/07\/Rebelion-de-Cisteil.jpg","jetpack_publicize_connections":[],"jetpack_sharing_enabled":true,"jetpack_shortlink":"https:\/\/wp.me\/p7Z0qv-pc","_links":{"self":[{"href":"https:\/\/yucapedia.com\/index.php\/wp-json\/wp\/v2\/posts\/1562"}],"collection":[{"href":"https:\/\/yucapedia.com\/index.php\/wp-json\/wp\/v2\/posts"}],"about":[{"href":"https:\/\/yucapedia.com\/index.php\/wp-json\/wp\/v2\/types\/post"}],"author":[{"embeddable":true,"href":"https:\/\/yucapedia.com\/index.php\/wp-json\/wp\/v2\/users\/2"}],"replies":[{"embeddable":true,"href":"https:\/\/yucapedia.com\/index.php\/wp-json\/wp\/v2\/comments?post=1562"}],"version-history":[{"count":1,"href":"https:\/\/yucapedia.com\/index.php\/wp-json\/wp\/v2\/posts\/1562\/revisions"}],"predecessor-version":[{"id":1564,"href":"https:\/\/yucapedia.com\/index.php\/wp-json\/wp\/v2\/posts\/1562\/revisions\/1564"}],"wp:featuredmedia":[{"embeddable":true,"href":"https:\/\/yucapedia.com\/index.php\/wp-json\/wp\/v2\/media\/1563"}],"wp:attachment":[{"href":"https:\/\/yucapedia.com\/index.php\/wp-json\/wp\/v2\/media?parent=1562"}],"wp:term":[{"taxonomy":"category","embeddable":true,"href":"https:\/\/yucapedia.com\/index.php\/wp-json\/wp\/v2\/categories?post=1562"},{"taxonomy":"post_tag","embeddable":true,"href":"https:\/\/yucapedia.com\/index.php\/wp-json\/wp\/v2\/tags?post=1562"}],"curies":[{"name":"wp","href":"https:\/\/api.w.org\/{rel}","templated":true}]}}